{"provider_url": "https://www.acari.rn.leg.br", "title": "21\u00aa Reuni\u00e3o do I Per\u00edodo Legislativo de 2009", "html": "<p><a href=\"http://sapl.cma.rn.gov.br/sapl_documentos/materia/181_texto_integral\">INDICA\u00c7\u00c3O N\u00ba 052/2009</a> - ...para que o mesmo dentro das possibilidades junto a Empresa OI, fa\u00e7a a concess\u00e3o de uma Central de Servi\u00e7os de Atendimento (190), para o nosso munic\u00edpio. Autoria do Vereador Ismael Medeiros Souza.</p><p><a href=\"http://sapl.cma.rn.gov.br/sapl_documentos/materia/226_texto_integral\">INDICA\u00c7\u00c3O N\u00ba 063/2009</a> - ...para que o mesmo dentro das possibilidades fa\u00e7a a revitaliza\u00e7\u00e3o do monumento \u201c Jo\u00e3o Sampaio \u2013 O Pescador\u201d, que fica localizado ao lado do Pal\u00e1cio dos Esportes Jor\u00e1cio Mamede Galv\u00e3o. Autoria do Vereador Ismael Medeiros Souza.</p><p><a href=\"http://sapl.cma.rn.gov.br/sapl_documentos/materia/222_texto_integral\">INDICA\u00c7\u00c3O N\u00ba 064/2009</a>\u00a0- ...para que o mesmo dentro das possibilidades construa um canteiro nas imedia\u00e7\u00f5es da rua Raimundo Augusto de Souza at\u00e9 o hospital Regional Dr. Odilon Guedes da Silva. Autoria do Vereador Ismael Medeiros Souza.</p><p><a href=\"http://sapl.cma.rn.gov.br/sapl_documentos/materia/266_texto_integral\">INDICA\u00c7\u00c3O N\u00ba 066/2009</a> - ...para que o mesmo dentro das possibilidades fa\u00e7a a pavimenta\u00e7\u00e3o das ruas Pedro Pires de Medeiros e Francisca Veras Galv\u00e3o localizadas no bairro Petr\u00f3polis. Autoria do Vereador Francisco Dias de Ara\u00fajo.</p><p><br />E desde j\u00e1 convidamos a todos para a 22\u00aa Reuni\u00e3o ordin\u00e1ria a realizar-se no dia 14 de julho do corrente ano \u00e0s 15:00 na Sala de Sess\u00f5es \"Plen\u00e1rio Vereador Antonio Ferreira da Costa\".</p><p></p><p align=\"right\"><em><strong><a href=\"http://sapl.cma.rn.gov.br/sapl_documentos/materia/282_texto_integral\">::## Clique Aqui e veja a ata da reuni\u00e3o ##::</a></strong></em></p>", "author_name": "acr", "version": "1.0", "author_url": "https://www.acari.rn.leg.br/author/acr", "provider_name": "C\u00e2mara Municipal de Acari", "type": "rich"}